{"id":6455,"date":"2025-08-08T12:17:15","date_gmt":"2025-08-08T15:17:15","guid":{"rendered":"https:\/\/wayback.com.br\/?p=6455"},"modified":"2025-08-08T12:20:09","modified_gmt":"2025-08-08T15:20:09","slug":"como-crises-e-desastres-naturais-podem-influenciar-o-mercado-de-recuperacao-de-credito","status":"publish","type":"post","link":"https:\/\/wayback.com.br\/es\/como-crises-e-desastres-naturais-podem-influenciar-o-mercado-de-recuperacao-de-credito\/","title":{"rendered":"C\u00f3mo las crisis naturales pueden influir en la econom\u00eda"},"content":{"rendered":"<p style=\"font-size:17px\">Eventos como sequ\u00edas prolongadas, inundaciones, olas de calor extremas e incendios forestales <strong>ilustran la intensificaci\u00f3n de la crisis clim\u00e1tica<\/strong>, cuyo <strong>Los impactos econ\u00f3micos han ido empeorando a nivel mundial y en Brasil.<\/strong> En este escenario, el mercado de recuperaci\u00f3n de cr\u00e9ditos tambi\u00e9n siente los efectos. <strong>El valor predeterminado tiende a aumentar<\/strong>, y el <strong>Las estrategias de cobranza necesitan adaptarse a una realidad marcada por crisis recurrentes e impredecibles.<\/strong><\/p>\n\n\n\n<div class=\"wp-block-media-text has-media-on-the-right is-stacked-on-mobile\" style=\"grid-template-columns:auto 48%\"><div class=\"wp-block-media-text__content\">\n<p class=\"has-text-align-center\" style=\"font-size:22px\"><strong>Impacto de las crisis y los desastres naturales<\/strong><\/p>\n\n\n\n<p class=\"has-text-align-center\" style=\"font-size:18px\">T\u00fa<strong> Los desastres naturales causan destrucci\u00f3n<\/strong> Interrupciones de infraestructura, p\u00e9rdidas en la producci\u00f3n agr\u00edcola, interrupciones de negocios y desplazamientos de poblaci\u00f3n. En muchos casos, las comunidades quedan aisladas o enfrentan escasez de suministros.<\/p>\n<\/div><figure class=\"wp-block-media-text__media\"><img fetchpriority=\"high\" decoding=\"async\" width=\"1024\" height=\"574\" src=\"https:\/\/wayback.com.br\/wp-content\/uploads\/2025\/08\/arvores-arrancadas-e-detritos-da-tempestade-em-torno-de-um-complexo-de-apartamentos-urbano-1024x574.jpg\" alt=\"\" class=\"wp-image-6468 size-full\" srcset=\"https:\/\/wayback.com.br\/wp-content\/uploads\/2025\/08\/arvores-arrancadas-e-detritos-da-tempestade-em-torno-de-um-complexo-de-apartamentos-urbano-1024x574.jpg 1024w, https:\/\/wayback.com.br\/wp-content\/uploads\/2025\/08\/arvores-arrancadas-e-detritos-da-tempestade-em-torno-de-um-complexo-de-apartamentos-urbano-300x168.jpg 300w, https:\/\/wayback.com.br\/wp-content\/uploads\/2025\/08\/arvores-arrancadas-e-detritos-da-tempestade-em-torno-de-um-complexo-de-apartamentos-urbano-768x430.jpg 768w, https:\/\/wayback.com.br\/wp-content\/uploads\/2025\/08\/arvores-arrancadas-e-detritos-da-tempestade-em-torno-de-um-complexo-de-apartamentos-urbano-1536x861.jpg 1536w, https:\/\/wayback.com.br\/wp-content\/uploads\/2025\/08\/arvores-arrancadas-e-detritos-da-tempestade-em-torno-de-um-complexo-de-apartamentos-urbano-2048x1148.jpg 2048w, https:\/\/wayback.com.br\/wp-content\/uploads\/2025\/08\/arvores-arrancadas-e-detritos-da-tempestade-em-torno-de-um-complexo-de-apartamentos-urbano-18x10.jpg 18w\" sizes=\"(max-width: 1024px) 100vw, 1024px\" \/><\/figure><\/div>\n\n\n\n<figure class=\"wp-block-image size-full\"><img decoding=\"async\" width=\"655\" height=\"71\" src=\"https:\/\/wayback.com.br\/wp-content\/uploads\/2025\/04\/ESPACO-LINHA-SITE-WORDPRESS-6.png\" alt=\"\" class=\"wp-image-6269\" srcset=\"https:\/\/wayback.com.br\/wp-content\/uploads\/2025\/04\/ESPACO-LINHA-SITE-WORDPRESS-6.png 655w, https:\/\/wayback.com.br\/wp-content\/uploads\/2025\/04\/ESPACO-LINHA-SITE-WORDPRESS-6-300x33.png 300w\" sizes=\"(max-width: 655px) 100vw, 655px\" \/><\/figure>\n\n\n\n<div class=\"wp-block-media-text is-stacked-on-mobile\" style=\"grid-template-columns:49% auto\"><figure class=\"wp-block-media-text__media\"><img decoding=\"async\" width=\"1024\" height=\"733\" src=\"https:\/\/wayback.com.br\/wp-content\/uploads\/2025\/08\/bela-foto-aerea-de-uma-paisagem-rural-1024x733.jpg\" alt=\"\" class=\"wp-image-6458 size-full\" srcset=\"https:\/\/wayback.com.br\/wp-content\/uploads\/2025\/08\/bela-foto-aerea-de-uma-paisagem-rural-1024x733.jpg 1024w, https:\/\/wayback.com.br\/wp-content\/uploads\/2025\/08\/bela-foto-aerea-de-uma-paisagem-rural-300x215.jpg 300w, https:\/\/wayback.com.br\/wp-content\/uploads\/2025\/08\/bela-foto-aerea-de-uma-paisagem-rural-768x550.jpg 768w, https:\/\/wayback.com.br\/wp-content\/uploads\/2025\/08\/bela-foto-aerea-de-uma-paisagem-rural-1536x1100.jpg 1536w, https:\/\/wayback.com.br\/wp-content\/uploads\/2025\/08\/bela-foto-aerea-de-uma-paisagem-rural-2048x1466.jpg 2048w, https:\/\/wayback.com.br\/wp-content\/uploads\/2025\/08\/bela-foto-aerea-de-uma-paisagem-rural-18x12.jpg 18w\" sizes=\"(max-width: 1024px) 100vw, 1024px\" \/><\/figure><div class=\"wp-block-media-text__content\">\n<p class=\"has-text-align-center\" style=\"font-size:22px\"><strong>C\u00f3mo afectan a la econom\u00eda<\/strong><\/p>\n\n\n\n<p class=\"has-text-align-center\" style=\"font-size:18px\">Fen\u00f3menos meteorol\u00f3gicos extremos <strong>provocar disrupciones en las cadenas de producci\u00f3n, afectar el suministro de productos y reducir el consumo. <\/strong>Esto provoca una desaceleraci\u00f3n en sectores estrat\u00e9gicos de la econom\u00eda, comprometiendo indicadores como el PIB, la inflaci\u00f3n y la creaci\u00f3n de empleo.<\/p>\n<\/div><\/div>\n\n\n\n<figure class=\"wp-block-image size-full\"><img decoding=\"async\" width=\"655\" height=\"71\" src=\"https:\/\/wayback.com.br\/wp-content\/uploads\/2025\/04\/ESPACO-LINHA-SITE-WORDPRESS-6.png\" alt=\"\" class=\"wp-image-6269\" srcset=\"https:\/\/wayback.com.br\/wp-content\/uploads\/2025\/04\/ESPACO-LINHA-SITE-WORDPRESS-6.png 655w, https:\/\/wayback.com.br\/wp-content\/uploads\/2025\/04\/ESPACO-LINHA-SITE-WORDPRESS-6-300x33.png 300w\" sizes=\"(max-width: 655px) 100vw, 655px\" \/><\/figure>\n\n\n\n<div class=\"wp-block-media-text has-media-on-the-right is-stacked-on-mobile\" style=\"grid-template-columns:auto 49%\"><div class=\"wp-block-media-text__content\">\n<p class=\"has-text-align-center\" style=\"font-size:22px\"><strong>Recuperaci\u00f3n de cr\u00e9dito en tiempos de crisis<\/strong><\/p>\n\n\n\n<p class=\"has-text-align-center\" style=\"font-size:18px\">Con la p\u00e9rdida de ingresos y las p\u00e9rdidas ocasionadas por eventos extremos, <strong>La dificultad de mantener los compromisos financieros crece.<\/strong> EL<strong> Los impagos aumentan y exigen nuevos enfoques<\/strong> por el sector de recuperaci\u00f3n de cr\u00e9ditos. <strong>Cargar responsablemente<\/strong> puede significar apoyar la <strong>reorganizaci\u00f3n financiera de los afectados.<\/strong><\/p>\n<\/div><figure class=\"wp-block-media-text__media\"><img loading=\"lazy\" decoding=\"async\" width=\"1024\" height=\"609\" src=\"https:\/\/wayback.com.br\/wp-content\/uploads\/2025\/08\/secao-media-de-um-homem-usando-laptop-na-mesa-1024x609.jpg\" alt=\"\" class=\"wp-image-6461 size-full\" srcset=\"https:\/\/wayback.com.br\/wp-content\/uploads\/2025\/08\/secao-media-de-um-homem-usando-laptop-na-mesa-1024x609.jpg 1024w, https:\/\/wayback.com.br\/wp-content\/uploads\/2025\/08\/secao-media-de-um-homem-usando-laptop-na-mesa-300x178.jpg 300w, https:\/\/wayback.com.br\/wp-content\/uploads\/2025\/08\/secao-media-de-um-homem-usando-laptop-na-mesa-768x457.jpg 768w, https:\/\/wayback.com.br\/wp-content\/uploads\/2025\/08\/secao-media-de-um-homem-usando-laptop-na-mesa-1536x913.jpg 1536w, https:\/\/wayback.com.br\/wp-content\/uploads\/2025\/08\/secao-media-de-um-homem-usando-laptop-na-mesa-2048x1218.jpg 2048w, https:\/\/wayback.com.br\/wp-content\/uploads\/2025\/08\/secao-media-de-um-homem-usando-laptop-na-mesa-18x12.jpg 18w\" sizes=\"(max-width: 1024px) 100vw, 1024px\" \/><\/figure><\/div>\n\n\n\n<figure class=\"wp-block-image size-full\"><img decoding=\"async\" width=\"655\" height=\"71\" src=\"https:\/\/wayback.com.br\/wp-content\/uploads\/2025\/04\/ESPACO-LINHA-SITE-WORDPRESS-6.png\" alt=\"\" class=\"wp-image-6269\" srcset=\"https:\/\/wayback.com.br\/wp-content\/uploads\/2025\/04\/ESPACO-LINHA-SITE-WORDPRESS-6.png 655w, https:\/\/wayback.com.br\/wp-content\/uploads\/2025\/04\/ESPACO-LINHA-SITE-WORDPRESS-6-300x33.png 300w\" sizes=\"(max-width: 655px) 100vw, 655px\" \/><\/figure>\n\n\n\n<div class=\"wp-block-media-text is-stacked-on-mobile\" style=\"grid-template-columns:47% auto\"><figure class=\"wp-block-media-text__media\"><img loading=\"lazy\" decoding=\"async\" width=\"1024\" height=\"683\" src=\"https:\/\/wayback.com.br\/wp-content\/uploads\/2025\/08\/conceito-de-desastre-natural-com-inundacao-1-1024x683.jpg\" alt=\"\" class=\"wp-image-6460 size-full\" srcset=\"https:\/\/wayback.com.br\/wp-content\/uploads\/2025\/08\/conceito-de-desastre-natural-com-inundacao-1-1024x683.jpg 1024w, https:\/\/wayback.com.br\/wp-content\/uploads\/2025\/08\/conceito-de-desastre-natural-com-inundacao-1-300x200.jpg 300w, https:\/\/wayback.com.br\/wp-content\/uploads\/2025\/08\/conceito-de-desastre-natural-com-inundacao-1-768x512.jpg 768w, https:\/\/wayback.com.br\/wp-content\/uploads\/2025\/08\/conceito-de-desastre-natural-com-inundacao-1-1536x1024.jpg 1536w, https:\/\/wayback.com.br\/wp-content\/uploads\/2025\/08\/conceito-de-desastre-natural-com-inundacao-1-2048x1365.jpg 2048w, https:\/\/wayback.com.br\/wp-content\/uploads\/2025\/08\/conceito-de-desastre-natural-com-inundacao-1-18x12.jpg 18w\" sizes=\"(max-width: 1024px) 100vw, 1024px\" \/><\/figure><div class=\"wp-block-media-text__content\">\n<p class=\"has-text-align-center\" style=\"font-size:22px\"><strong>Escenario actual de crisis naturales<\/strong><\/p>\n\n\n\n<p class=\"has-text-align-center\" style=\"font-size:18px\">En los \u00faltimos a\u00f1os, la <strong>Brasil ha enfrentado episodios graves<\/strong> Relacionado con el clima. La sequ\u00eda en la regi\u00f3n Norte en 2023, las inundaciones en Rio Grande do Sul en 2024 y los deslizamientos de tierra en el Sudeste muestran que los impactos ya est\u00e1n en marcha. <strong>Estos eventos causan importantes p\u00e9rdidas humanas y econ\u00f3micas.<\/strong>, paralizan las cadenas log\u00edsticas y <strong>dejar marcas duraderas en las regiones afectadas.<\/strong><\/p>\n<\/div><\/div>\n\n\n\n<figure class=\"wp-block-image size-full\"><img decoding=\"async\" width=\"655\" height=\"71\" src=\"https:\/\/wayback.com.br\/wp-content\/uploads\/2025\/04\/ESPACO-LINHA-SITE-WORDPRESS-6.png\" alt=\"\" class=\"wp-image-6269\" srcset=\"https:\/\/wayback.com.br\/wp-content\/uploads\/2025\/04\/ESPACO-LINHA-SITE-WORDPRESS-6.png 655w, https:\/\/wayback.com.br\/wp-content\/uploads\/2025\/04\/ESPACO-LINHA-SITE-WORDPRESS-6-300x33.png 300w\" sizes=\"(max-width: 655px) 100vw, 655px\" \/><\/figure>\n\n\n\n<div class=\"wp-block-media-text has-media-on-the-right is-stacked-on-mobile\"><div class=\"wp-block-media-text__content\">\n<p class=\"has-text-align-center\" style=\"font-size:20px\"><strong>Tendencias futuras de la econom\u00eda<\/strong><\/p>\n\n\n\n<p class=\"has-text-align-center\" style=\"font-size:18px\">T\u00fa <strong>Los riesgos clim\u00e1ticos deben considerarse en los an\u00e1lisis crediticios y las decisiones financieras. <\/strong>Las instituciones ya est\u00e1n discutiendo formas de incluir este factor, especialmente en la financiaci\u00f3n rural, inmobiliaria y empresarial.<\/p>\n\n\n\n<p class=\"has-text-align-center\" style=\"font-size:18px\">Para el sector de la recuperaci\u00f3n, esto <strong>Representa un camino de transformaci\u00f3n.<\/strong> Invertir en datos geogr\u00e1ficos, soluciones regionales y procesos m\u00e1s flexibles puede <strong>Hacer que el desempe\u00f1o sea m\u00e1s estrat\u00e9gico y eficiente ante futuras crisis.<\/strong><\/p>\n<\/div><figure class=\"wp-block-media-text__media\"><img loading=\"lazy\" decoding=\"async\" width=\"1024\" height=\"683\" src=\"https:\/\/wayback.com.br\/wp-content\/uploads\/2025\/08\/foto-aproximada-de-um-empresario-trabalhando-em-casa-e-fazendo-calculos-1024x683.jpg\" alt=\"\" class=\"wp-image-6463 size-full\" srcset=\"https:\/\/wayback.com.br\/wp-content\/uploads\/2025\/08\/foto-aproximada-de-um-empresario-trabalhando-em-casa-e-fazendo-calculos-1024x683.jpg 1024w, https:\/\/wayback.com.br\/wp-content\/uploads\/2025\/08\/foto-aproximada-de-um-empresario-trabalhando-em-casa-e-fazendo-calculos-300x200.jpg 300w, https:\/\/wayback.com.br\/wp-content\/uploads\/2025\/08\/foto-aproximada-de-um-empresario-trabalhando-em-casa-e-fazendo-calculos-768x512.jpg 768w, https:\/\/wayback.com.br\/wp-content\/uploads\/2025\/08\/foto-aproximada-de-um-empresario-trabalhando-em-casa-e-fazendo-calculos-1536x1024.jpg 1536w, https:\/\/wayback.com.br\/wp-content\/uploads\/2025\/08\/foto-aproximada-de-um-empresario-trabalhando-em-casa-e-fazendo-calculos-2048x1365.jpg 2048w, https:\/\/wayback.com.br\/wp-content\/uploads\/2025\/08\/foto-aproximada-de-um-empresario-trabalhando-em-casa-e-fazendo-calculos-18x12.jpg 18w\" sizes=\"(max-width: 1024px) 100vw, 1024px\" \/><\/figure><\/div>\n\n\n\n<figure class=\"wp-block-image size-full\"><img decoding=\"async\" width=\"655\" height=\"71\" src=\"https:\/\/wayback.com.br\/wp-content\/uploads\/2025\/04\/ESPACO-LINHA-SITE-WORDPRESS-6.png\" alt=\"\" class=\"wp-image-6269\" srcset=\"https:\/\/wayback.com.br\/wp-content\/uploads\/2025\/04\/ESPACO-LINHA-SITE-WORDPRESS-6.png 655w, https:\/\/wayback.com.br\/wp-content\/uploads\/2025\/04\/ESPACO-LINHA-SITE-WORDPRESS-6-300x33.png 300w\" sizes=\"(max-width: 655px) 100vw, 655px\" \/><\/figure>\n\n\n\n<p>Fuentes: Banco Mundial, Revista Brasile\u00f1a de Climatolog\u00eda, GIZ<\/p>\n\n\n\n<figure class=\"wp-block-image size-full\"><img loading=\"lazy\" decoding=\"async\" width=\"843\" height=\"65\" src=\"https:\/\/wayback.com.br\/wp-content\/uploads\/2025\/03\/RODAPE-SITE.png\" alt=\"\" class=\"wp-image-6041\" srcset=\"https:\/\/wayback.com.br\/wp-content\/uploads\/2025\/03\/RODAPE-SITE.png 843w, https:\/\/wayback.com.br\/wp-content\/uploads\/2025\/03\/RODAPE-SITE-300x23.png 300w, https:\/\/wayback.com.br\/wp-content\/uploads\/2025\/03\/RODAPE-SITE-768x59.png 768w\" sizes=\"(max-width: 843px) 100vw, 843px\" \/><\/figure>","protected":false},"excerpt":{"rendered":"<p>Las crisis naturales afectan la econom\u00eda. \u00a1Aprenda m\u00e1s sobre c\u00f3mo se manifiestan en impagos!<\/p>","protected":false},"author":6,"featured_media":6464,"comment_status":"open","ping_status":"closed","sticky":false,"template":"","format":"standard","meta":{"_joinchat":[],"footnotes":""},"categories":[9],"tags":[],"class_list":["post-6455","post","type-post","status-publish","format-standard","has-post-thumbnail","hentry","category-gestao"],"_links":{"self":[{"href":"https:\/\/wayback.com.br\/es\/wp-json\/wp\/v2\/posts\/6455","targetHints":{"allow":["GET"]}}],"collection":[{"href":"https:\/\/wayback.com.br\/es\/wp-json\/wp\/v2\/posts"}],"about":[{"href":"https:\/\/wayback.com.br\/es\/wp-json\/wp\/v2\/types\/post"}],"author":[{"embeddable":true,"href":"https:\/\/wayback.com.br\/es\/wp-json\/wp\/v2\/users\/6"}],"replies":[{"embeddable":true,"href":"https:\/\/wayback.com.br\/es\/wp-json\/wp\/v2\/comments?post=6455"}],"version-history":[{"count":5,"href":"https:\/\/wayback.com.br\/es\/wp-json\/wp\/v2\/posts\/6455\/revisions"}],"predecessor-version":[{"id":6473,"href":"https:\/\/wayback.com.br\/es\/wp-json\/wp\/v2\/posts\/6455\/revisions\/6473"}],"wp:featuredmedia":[{"embeddable":true,"href":"https:\/\/wayback.com.br\/es\/wp-json\/wp\/v2\/media\/6464"}],"wp:attachment":[{"href":"https:\/\/wayback.com.br\/es\/wp-json\/wp\/v2\/media?parent=6455"}],"wp:term":[{"taxonomy":"category","embeddable":true,"href":"https:\/\/wayback.com.br\/es\/wp-json\/wp\/v2\/categories?post=6455"},{"taxonomy":"post_tag","embeddable":true,"href":"https:\/\/wayback.com.br\/es\/wp-json\/wp\/v2\/tags?post=6455"}],"curies":[{"name":"wp","href":"https:\/\/api.w.org\/{rel}","templated":true}]}}